{"id":36787,"date":"2024-04-04T21:41:24","date_gmt":"2024-04-04T20:41:24","guid":{"rendered":"https:\/\/stg.plazacubes.eu\/de\/blog\/2024\/04\/04\/professionelles-netzwerk-durch-coworking\/"},"modified":"2024-04-04T21:41:24","modified_gmt":"2024-04-04T20:41:24","slug":"professionelles-netzwerk-durch-coworking","status":"publish","type":"post","link":"https:\/\/plazacubes.eu\/de\/blog\/2024\/04\/04\/professionelles-netzwerk-durch-coworking\/","title":{"rendered":"Professionelles Netzwerk durch Coworking"},"content":{"rendered":"<h3>Wir lieben die Vernetzung.<\/h3>\n<p>Flexible B\u00fcros zu mieten ist kein neues Konzept. Die Kultur des Coworking hingegen schon. Wir leben in einer sehr dynamischen Zeit, in der die Vernetzung, die Zusammenarbeit und die Schaffung von M\u00f6glichkeiten einen Einfluss auf unseren Erfolg haben.<\/p>\n<p>Bei Plaza Cubes erleben wir aus erster Hand die freundschaftlichen Interaktionen, die in unseren B\u00fcros stattfinden. Oft schlie\u00dfen unsere Mitarbeiter Freundschaften, die \u00fcber den Vertrag hinaus bestehen bleiben, und andere sichern sich durch das Netzwerk, das sie am Arbeitsplatz aufgebaut haben, wertvolle Auftr\u00e4ge.<\/p>\n<p>Einer der gr\u00f6\u00dften Vorteile eines B\u00fcros in unserem Coworking Space ist die einmalige Gelegenheit, gleichzeitig das eigene Netzwerk st\u00e4ndig zu erweitern. Ob in der gro\u00dfz\u00fcgigen Gemeinschaftsk\u00fcche, an der Kaffeemaschine, beim Mittagessen, beim Plausch auf den Fluren oder in unserem Loungebereich &#8211; in den Plaza Cubes kommt man leicht miteinander ins Gespr\u00e4ch. So entstehen auf ganz nat\u00fcrliche Art und Weise M\u00f6glichkeiten zur Zusammenarbeit und Freundschaften.<\/p>\n<p>Eine gute Gemeinschaft ist das R\u00fcckgrat einer guten B\u00fcroatmosph\u00e4re. Wir haben gro\u00dfes Gl\u00fcck mit unseren Mietern. Sind Sie bereit, Mitglied zu werden? Fragen Sie uns nach unseren Angeboten f\u00fcr neue Mitglieder.<\/p>\n","protected":false},"excerpt":{"rendered":"<p>Wir lieben die Vernetzung. Flexible B\u00fcros zu mieten ist kein neues Konzept. Die Kultur des Coworking hingegen schon. Wir leben [&hellip;]<\/p>\n","protected":false},"author":1,"featured_media":36182,"comment_status":"open","ping_status":"open","sticky":false,"template":"","format":"standard","meta":{"_uag_custom_page_level_css":"","site-sidebar-layout":"default","site-content-layout":"","ast-site-content-layout":"default","site-content-style":"default","site-sidebar-style":"default","ast-global-header-display":"","ast-banner-title-visibility":"","ast-main-header-display":"","ast-hfb-above-header-display":"","ast-hfb-below-header-display":"","ast-hfb-mobile-header-display":"","site-post-title":"","ast-breadcrumbs-content":"","ast-featured-img":"","footer-sml-layout":"","ast-disable-related-posts":"","theme-transparent-header-meta":"","adv-header-id-meta":"","stick-header-meta":"","header-above-stick-meta":"","header-main-stick-meta":"","header-below-stick-meta":"","astra-migrate-meta-layouts":"default","ast-page-background-enabled":"default","ast-page-background-meta":{"desktop":{"background-color":"var(--ast-global-color-5)","background-image":"","background-repeat":"repeat","background-position":"center center","background-size":"auto","background-attachment":"scroll","background-type":"","background-media":"","overlay-type":"","overlay-color":"","overlay-opacity":"","overlay-gradient":""},"tablet":{"background-color":"","background-image":"","background-repeat":"repeat","background-position":"center center","background-size":"auto","background-attachment":"scroll","background-type":"","background-media":"","overlay-type":"","overlay-color":"","overlay-opacity":"","overlay-gradient":""},"mobile":{"background-color":"","background-image":"","background-repeat":"repeat","background-position":"center center","background-size":"auto","background-attachment":"scroll","background-type":"","background-media":"","overlay-type":"","overlay-color":"","overlay-opacity":"","overlay-gradient":""}},"ast-content-background-meta":{"desktop":{"background-color":"var(--ast-global-color-4)","background-image":"","background-repeat":"repeat","background-position":"center center","background-size":"auto","background-attachment":"scroll","background-type":"","background-media":"","overlay-type":"","overlay-color":"","overlay-opacity":"","overlay-gradient":""},"tablet":{"background-color":"var(--ast-global-color-4)","background-image":"","background-repeat":"repeat","background-position":"center center","background-size":"auto","background-attachment":"scroll","background-type":"","background-media":"","overlay-type":"","overlay-color":"","overlay-opacity":"","overlay-gradient":""},"mobile":{"background-color":"var(--ast-global-color-4)","background-image":"","background-repeat":"repeat","background-position":"center center","background-size":"auto","background-attachment":"scroll","background-type":"","background-media":"","overlay-type":"","overlay-color":"","overlay-opacity":"","overlay-gradient":""}},"footnotes":""},"categories":[162],"tags":[],"class_list":["post-36787","post","type-post","status-publish","format-standard","has-post-thumbnail","hentry","category-allgemein-de"],"yoast_head":"<!-- This site is optimized with the Yoast SEO plugin v28.3 - https:\/\/yoast.com\/product\/yoast-seo-wordpress\/ -->\n<title>Professionelles Netzwerk durch Coworking | Plaza Cubes<\/title>\n<meta name=\"description\" content=\"Erfahren Sie wie Coworking Ihr berufliches Netzwerk erweitert. Nutzen Sie unsere Coworking Spaces um wertvolle Kontakte zu kn\u00fcpfen.\" \/>\n<meta name=\"robots\" content=\"index, follow, max-snippet:-1, max-image-preview:large, max-video-preview:-1\" \/>\n<link rel=\"canonical\" href=\"https:\/\/plazacubes.eu\/de\/blog\/2024\/04\/04\/professionelles-netzwerk-durch-coworking\/\" \/>\n<meta property=\"og:locale\" content=\"en_US\" \/>\n<meta property=\"og:type\" content=\"article\" \/>\n<meta property=\"og:title\" content=\"Professionelles Netzwerk durch Coworking | Plaza Cubes\" \/>\n<meta property=\"og:description\" content=\"Erfahren Sie wie Coworking Ihr berufliches Netzwerk erweitert. Nutzen Sie unsere Coworking Spaces um wertvolle Kontakte zu kn\u00fcpfen.\" \/>\n<meta property=\"og:url\" content=\"https:\/\/plazacubes.eu\/de\/blog\/2024\/04\/04\/professionelles-netzwerk-durch-coworking\/\" \/>\n<meta property=\"og:site_name\" content=\"PlazaCubes DE\" \/>\n<meta property=\"article:publisher\" content=\"https:\/\/facebook.com\/plazacubes\" \/>\n<meta property=\"article:published_time\" content=\"2024-04-04T20:41:24+00:00\" \/>\n<meta property=\"og:image\" content=\"https:\/\/plazacubes.eu\/de\/wp-content\/uploads\/2024\/03\/2020-10-01-Plaza-Cubes-Interior-die-zweite_JPG_20201001_PlazaCubesDUS_119-scaled-1.jpg\" \/>\n\t<meta property=\"og:image:width\" content=\"2560\" \/>\n\t<meta property=\"og:image:height\" content=\"1707\" \/>\n\t<meta property=\"og:image:type\" content=\"image\/jpeg\" \/>\n<meta name=\"author\" content=\"PlazaPanelCubes\" \/>\n<meta name=\"twitter:card\" content=\"summary_large_image\" \/>\n<meta name=\"twitter:creator\" content=\"@plazacubes\" \/>\n<meta name=\"twitter:site\" content=\"@plazacubes\" \/>\n<meta name=\"twitter:label1\" content=\"Written by\" \/>\n\t<meta name=\"twitter:data1\" content=\"PlazaPanelCubes\" \/>\n\t<meta name=\"twitter:label2\" content=\"Est. reading time\" \/>\n\t<meta name=\"twitter:data2\" content=\"2 minutes\" \/>\n<script type=\"application\/ld+json\" class=\"yoast-schema-graph\">{\"@context\":\"https:\\\/\\\/schema.org\",\"@graph\":[{\"@type\":\"Article\",\"@id\":\"https:\\\/\\\/plazacubes.eu\\\/de\\\/blog\\\/2024\\\/04\\\/04\\\/professionelles-netzwerk-durch-coworking\\\/#article\",\"isPartOf\":{\"@id\":\"https:\\\/\\\/plazacubes.eu\\\/de\\\/blog\\\/2024\\\/04\\\/04\\\/professionelles-netzwerk-durch-coworking\\\/\"},\"author\":{\"name\":\"PlazaPanelCubes\",\"@id\":\"https:\\\/\\\/plazacubes.eu\\\/de\\\/#\\\/schema\\\/person\\\/3087c43fea72422ded1af62b95a3ab36\"},\"headline\":\"Professionelles Netzwerk durch Coworking\",\"datePublished\":\"2024-04-04T20:41:24+00:00\",\"mainEntityOfPage\":{\"@id\":\"https:\\\/\\\/plazacubes.eu\\\/de\\\/blog\\\/2024\\\/04\\\/04\\\/professionelles-netzwerk-durch-coworking\\\/\"},\"wordCount\":204,\"commentCount\":0,\"publisher\":{\"@id\":\"https:\\\/\\\/plazacubes.eu\\\/de\\\/#organization\"},\"image\":{\"@id\":\"https:\\\/\\\/plazacubes.eu\\\/de\\\/blog\\\/2024\\\/04\\\/04\\\/professionelles-netzwerk-durch-coworking\\\/#primaryimage\"},\"thumbnailUrl\":\"https:\\\/\\\/plazacubes.eu\\\/de\\\/wp-content\\\/uploads\\\/sites\\\/6\\\/2024\\\/03\\\/2020-10-01-Plaza-Cubes-Interior-die-zweite_JPG_20201001_PlazaCubesDUS_119-scaled-1.jpg\",\"articleSection\":[\"Allgemein\"],\"inLanguage\":\"en-US\",\"potentialAction\":[{\"@type\":\"CommentAction\",\"name\":\"Comment\",\"target\":[\"https:\\\/\\\/plazacubes.eu\\\/de\\\/blog\\\/2024\\\/04\\\/04\\\/professionelles-netzwerk-durch-coworking\\\/#respond\"]}]},{\"@type\":\"WebPage\",\"@id\":\"https:\\\/\\\/plazacubes.eu\\\/de\\\/blog\\\/2024\\\/04\\\/04\\\/professionelles-netzwerk-durch-coworking\\\/\",\"url\":\"https:\\\/\\\/plazacubes.eu\\\/de\\\/blog\\\/2024\\\/04\\\/04\\\/professionelles-netzwerk-durch-coworking\\\/\",\"name\":\"Professionelles Netzwerk durch Coworking | Plaza Cubes\",\"isPartOf\":{\"@id\":\"https:\\\/\\\/plazacubes.eu\\\/de\\\/#website\"},\"primaryImageOfPage\":{\"@id\":\"https:\\\/\\\/plazacubes.eu\\\/de\\\/blog\\\/2024\\\/04\\\/04\\\/professionelles-netzwerk-durch-coworking\\\/#primaryimage\"},\"image\":{\"@id\":\"https:\\\/\\\/plazacubes.eu\\\/de\\\/blog\\\/2024\\\/04\\\/04\\\/professionelles-netzwerk-durch-coworking\\\/#primaryimage\"},\"thumbnailUrl\":\"https:\\\/\\\/plazacubes.eu\\\/de\\\/wp-content\\\/uploads\\\/sites\\\/6\\\/2024\\\/03\\\/2020-10-01-Plaza-Cubes-Interior-die-zweite_JPG_20201001_PlazaCubesDUS_119-scaled-1.jpg\",\"datePublished\":\"2024-04-04T20:41:24+00:00\",\"description\":\"Erfahren Sie wie Coworking Ihr berufliches Netzwerk erweitert. Nutzen Sie unsere Coworking Spaces um wertvolle Kontakte zu kn\u00fcpfen.\",\"breadcrumb\":{\"@id\":\"https:\\\/\\\/plazacubes.eu\\\/de\\\/blog\\\/2024\\\/04\\\/04\\\/professionelles-netzwerk-durch-coworking\\\/#breadcrumb\"},\"inLanguage\":\"en-US\",\"potentialAction\":[{\"@type\":\"ReadAction\",\"target\":[\"https:\\\/\\\/plazacubes.eu\\\/de\\\/blog\\\/2024\\\/04\\\/04\\\/professionelles-netzwerk-durch-coworking\\\/\"]}]},{\"@type\":\"ImageObject\",\"inLanguage\":\"en-US\",\"@id\":\"https:\\\/\\\/plazacubes.eu\\\/de\\\/blog\\\/2024\\\/04\\\/04\\\/professionelles-netzwerk-durch-coworking\\\/#primaryimage\",\"url\":\"https:\\\/\\\/plazacubes.eu\\\/de\\\/wp-content\\\/uploads\\\/sites\\\/6\\\/2024\\\/03\\\/2020-10-01-Plaza-Cubes-Interior-die-zweite_JPG_20201001_PlazaCubesDUS_119-scaled-1.jpg\",\"contentUrl\":\"https:\\\/\\\/plazacubes.eu\\\/de\\\/wp-content\\\/uploads\\\/sites\\\/6\\\/2024\\\/03\\\/2020-10-01-Plaza-Cubes-Interior-die-zweite_JPG_20201001_PlazaCubesDUS_119-scaled-1.jpg\",\"width\":2560,\"height\":1707},{\"@type\":\"BreadcrumbList\",\"@id\":\"https:\\\/\\\/plazacubes.eu\\\/de\\\/blog\\\/2024\\\/04\\\/04\\\/professionelles-netzwerk-durch-coworking\\\/#breadcrumb\",\"itemListElement\":[{\"@type\":\"ListItem\",\"position\":1,\"name\":\"Anasayfa\",\"item\":\"https:\\\/\\\/plazacubes.eu\\\/de\\\/\"},{\"@type\":\"ListItem\",\"position\":2,\"name\":\"Professionelles Netzwerk durch Coworking\"}]},{\"@type\":\"WebSite\",\"@id\":\"https:\\\/\\\/plazacubes.eu\\\/de\\\/#website\",\"url\":\"https:\\\/\\\/plazacubes.eu\\\/de\\\/\",\"name\":\"Plaza Cubes\",\"description\":\"\",\"publisher\":{\"@id\":\"https:\\\/\\\/plazacubes.eu\\\/de\\\/#organization\"},\"potentialAction\":[{\"@type\":\"SearchAction\",\"target\":{\"@type\":\"EntryPoint\",\"urlTemplate\":\"https:\\\/\\\/plazacubes.eu\\\/de\\\/?s={search_term_string}\"},\"query-input\":{\"@type\":\"PropertyValueSpecification\",\"valueRequired\":true,\"valueName\":\"search_term_string\"}}],\"inLanguage\":\"en-US\"},{\"@type\":\"Organization\",\"@id\":\"https:\\\/\\\/plazacubes.eu\\\/de\\\/#organization\",\"name\":\"Plaza Cubes\",\"url\":\"https:\\\/\\\/plazacubes.eu\\\/de\\\/\",\"logo\":{\"@type\":\"ImageObject\",\"inLanguage\":\"en-US\",\"@id\":\"https:\\\/\\\/plazacubes.eu\\\/de\\\/#\\\/schema\\\/logo\\\/image\\\/\",\"url\":\"https:\\\/\\\/plazacubes.eu\\\/de\\\/wp-content\\\/uploads\\\/sites\\\/6\\\/2026\\\/03\\\/cropped-plazacubes-logo-updated-768x78-1.png\",\"contentUrl\":\"https:\\\/\\\/plazacubes.eu\\\/de\\\/wp-content\\\/uploads\\\/sites\\\/6\\\/2026\\\/03\\\/cropped-plazacubes-logo-updated-768x78-1.png\",\"width\":768,\"height\":78,\"caption\":\"Plaza Cubes\"},\"image\":{\"@id\":\"https:\\\/\\\/plazacubes.eu\\\/de\\\/#\\\/schema\\\/logo\\\/image\\\/\"},\"sameAs\":[\"https:\\\/\\\/facebook.com\\\/plazacubes\",\"https:\\\/\\\/x.com\\\/plazacubes\",\"https:\\\/\\\/instagram.com\\\/plazacubes\"]},{\"@type\":\"Person\",\"@id\":\"https:\\\/\\\/plazacubes.eu\\\/de\\\/#\\\/schema\\\/person\\\/3087c43fea72422ded1af62b95a3ab36\",\"name\":\"PlazaPanelCubes\",\"image\":{\"@type\":\"ImageObject\",\"inLanguage\":\"en-US\",\"@id\":\"https:\\\/\\\/secure.gravatar.com\\\/avatar\\\/2e2e796ead398391f45ff87dbb9fbb8205461bf27e9d434915793ea3b9389c9d?s=96&d=mm&r=g\",\"url\":\"https:\\\/\\\/secure.gravatar.com\\\/avatar\\\/2e2e796ead398391f45ff87dbb9fbb8205461bf27e9d434915793ea3b9389c9d?s=96&d=mm&r=g\",\"contentUrl\":\"https:\\\/\\\/secure.gravatar.com\\\/avatar\\\/2e2e796ead398391f45ff87dbb9fbb8205461bf27e9d434915793ea3b9389c9d?s=96&d=mm&r=g\",\"caption\":\"PlazaPanelCubes\"},\"sameAs\":[\"http:\\\/\\\/staging.plazacubes.com\"],\"url\":\"https:\\\/\\\/plazacubes.eu\\\/de\\\/blog\\\/author\\\/plazapanelcubes\\\/\"}]}<\/script>\n<!-- \/ Yoast SEO plugin. -->","yoast_head_json":{"title":"Professionelles Netzwerk durch Coworking | Plaza Cubes","description":"Erfahren Sie wie Coworking Ihr berufliches Netzwerk erweitert. Nutzen Sie unsere Coworking Spaces um wertvolle Kontakte zu kn\u00fcpfen.","robots":{"index":"index","follow":"follow","max-snippet":"max-snippet:-1","max-image-preview":"max-image-preview:large","max-video-preview":"max-video-preview:-1"},"canonical":"https:\/\/plazacubes.eu\/de\/blog\/2024\/04\/04\/professionelles-netzwerk-durch-coworking\/","og_locale":"en_US","og_type":"article","og_title":"Professionelles Netzwerk durch Coworking | Plaza Cubes","og_description":"Erfahren Sie wie Coworking Ihr berufliches Netzwerk erweitert. Nutzen Sie unsere Coworking Spaces um wertvolle Kontakte zu kn\u00fcpfen.","og_url":"https:\/\/plazacubes.eu\/de\/blog\/2024\/04\/04\/professionelles-netzwerk-durch-coworking\/","og_site_name":"PlazaCubes DE","article_publisher":"https:\/\/facebook.com\/plazacubes","article_published_time":"2024-04-04T20:41:24+00:00","og_image":[{"width":2560,"height":1707,"url":"https:\/\/plazacubes.eu\/de\/wp-content\/uploads\/2024\/03\/2020-10-01-Plaza-Cubes-Interior-die-zweite_JPG_20201001_PlazaCubesDUS_119-scaled-1.jpg","type":"image\/jpeg"}],"author":"PlazaPanelCubes","twitter_card":"summary_large_image","twitter_creator":"@plazacubes","twitter_site":"@plazacubes","twitter_misc":{"Written by":"PlazaPanelCubes","Est. reading time":"2 minutes"},"schema":{"@context":"https:\/\/schema.org","@graph":[{"@type":"Article","@id":"https:\/\/plazacubes.eu\/de\/blog\/2024\/04\/04\/professionelles-netzwerk-durch-coworking\/#article","isPartOf":{"@id":"https:\/\/plazacubes.eu\/de\/blog\/2024\/04\/04\/professionelles-netzwerk-durch-coworking\/"},"author":{"name":"PlazaPanelCubes","@id":"https:\/\/plazacubes.eu\/de\/#\/schema\/person\/3087c43fea72422ded1af62b95a3ab36"},"headline":"Professionelles Netzwerk durch Coworking","datePublished":"2024-04-04T20:41:24+00:00","mainEntityOfPage":{"@id":"https:\/\/plazacubes.eu\/de\/blog\/2024\/04\/04\/professionelles-netzwerk-durch-coworking\/"},"wordCount":204,"commentCount":0,"publisher":{"@id":"https:\/\/plazacubes.eu\/de\/#organization"},"image":{"@id":"https:\/\/plazacubes.eu\/de\/blog\/2024\/04\/04\/professionelles-netzwerk-durch-coworking\/#primaryimage"},"thumbnailUrl":"https:\/\/plazacubes.eu\/de\/wp-content\/uploads\/sites\/6\/2024\/03\/2020-10-01-Plaza-Cubes-Interior-die-zweite_JPG_20201001_PlazaCubesDUS_119-scaled-1.jpg","articleSection":["Allgemein"],"inLanguage":"en-US","potentialAction":[{"@type":"CommentAction","name":"Comment","target":["https:\/\/plazacubes.eu\/de\/blog\/2024\/04\/04\/professionelles-netzwerk-durch-coworking\/#respond"]}]},{"@type":"WebPage","@id":"https:\/\/plazacubes.eu\/de\/blog\/2024\/04\/04\/professionelles-netzwerk-durch-coworking\/","url":"https:\/\/plazacubes.eu\/de\/blog\/2024\/04\/04\/professionelles-netzwerk-durch-coworking\/","name":"Professionelles Netzwerk durch Coworking | Plaza Cubes","isPartOf":{"@id":"https:\/\/plazacubes.eu\/de\/#website"},"primaryImageOfPage":{"@id":"https:\/\/plazacubes.eu\/de\/blog\/2024\/04\/04\/professionelles-netzwerk-durch-coworking\/#primaryimage"},"image":{"@id":"https:\/\/plazacubes.eu\/de\/blog\/2024\/04\/04\/professionelles-netzwerk-durch-coworking\/#primaryimage"},"thumbnailUrl":"https:\/\/plazacubes.eu\/de\/wp-content\/uploads\/sites\/6\/2024\/03\/2020-10-01-Plaza-Cubes-Interior-die-zweite_JPG_20201001_PlazaCubesDUS_119-scaled-1.jpg","datePublished":"2024-04-04T20:41:24+00:00","description":"Erfahren Sie wie Coworking Ihr berufliches Netzwerk erweitert. Nutzen Sie unsere Coworking Spaces um wertvolle Kontakte zu kn\u00fcpfen.","breadcrumb":{"@id":"https:\/\/plazacubes.eu\/de\/blog\/2024\/04\/04\/professionelles-netzwerk-durch-coworking\/#breadcrumb"},"inLanguage":"en-US","potentialAction":[{"@type":"ReadAction","target":["https:\/\/plazacubes.eu\/de\/blog\/2024\/04\/04\/professionelles-netzwerk-durch-coworking\/"]}]},{"@type":"ImageObject","inLanguage":"en-US","@id":"https:\/\/plazacubes.eu\/de\/blog\/2024\/04\/04\/professionelles-netzwerk-durch-coworking\/#primaryimage","url":"https:\/\/plazacubes.eu\/de\/wp-content\/uploads\/sites\/6\/2024\/03\/2020-10-01-Plaza-Cubes-Interior-die-zweite_JPG_20201001_PlazaCubesDUS_119-scaled-1.jpg","contentUrl":"https:\/\/plazacubes.eu\/de\/wp-content\/uploads\/sites\/6\/2024\/03\/2020-10-01-Plaza-Cubes-Interior-die-zweite_JPG_20201001_PlazaCubesDUS_119-scaled-1.jpg","width":2560,"height":1707},{"@type":"BreadcrumbList","@id":"https:\/\/plazacubes.eu\/de\/blog\/2024\/04\/04\/professionelles-netzwerk-durch-coworking\/#breadcrumb","itemListElement":[{"@type":"ListItem","position":1,"name":"Anasayfa","item":"https:\/\/plazacubes.eu\/de\/"},{"@type":"ListItem","position":2,"name":"Professionelles Netzwerk durch Coworking"}]},{"@type":"WebSite","@id":"https:\/\/plazacubes.eu\/de\/#website","url":"https:\/\/plazacubes.eu\/de\/","name":"Plaza Cubes","description":"","publisher":{"@id":"https:\/\/plazacubes.eu\/de\/#organization"},"potentialAction":[{"@type":"SearchAction","target":{"@type":"EntryPoint","urlTemplate":"https:\/\/plazacubes.eu\/de\/?s={search_term_string}"},"query-input":{"@type":"PropertyValueSpecification","valueRequired":true,"valueName":"search_term_string"}}],"inLanguage":"en-US"},{"@type":"Organization","@id":"https:\/\/plazacubes.eu\/de\/#organization","name":"Plaza Cubes","url":"https:\/\/plazacubes.eu\/de\/","logo":{"@type":"ImageObject","inLanguage":"en-US","@id":"https:\/\/plazacubes.eu\/de\/#\/schema\/logo\/image\/","url":"https:\/\/plazacubes.eu\/de\/wp-content\/uploads\/sites\/6\/2026\/03\/cropped-plazacubes-logo-updated-768x78-1.png","contentUrl":"https:\/\/plazacubes.eu\/de\/wp-content\/uploads\/sites\/6\/2026\/03\/cropped-plazacubes-logo-updated-768x78-1.png","width":768,"height":78,"caption":"Plaza Cubes"},"image":{"@id":"https:\/\/plazacubes.eu\/de\/#\/schema\/logo\/image\/"},"sameAs":["https:\/\/facebook.com\/plazacubes","https:\/\/x.com\/plazacubes","https:\/\/instagram.com\/plazacubes"]},{"@type":"Person","@id":"https:\/\/plazacubes.eu\/de\/#\/schema\/person\/3087c43fea72422ded1af62b95a3ab36","name":"PlazaPanelCubes","image":{"@type":"ImageObject","inLanguage":"en-US","@id":"https:\/\/secure.gravatar.com\/avatar\/2e2e796ead398391f45ff87dbb9fbb8205461bf27e9d434915793ea3b9389c9d?s=96&d=mm&r=g","url":"https:\/\/secure.gravatar.com\/avatar\/2e2e796ead398391f45ff87dbb9fbb8205461bf27e9d434915793ea3b9389c9d?s=96&d=mm&r=g","contentUrl":"https:\/\/secure.gravatar.com\/avatar\/2e2e796ead398391f45ff87dbb9fbb8205461bf27e9d434915793ea3b9389c9d?s=96&d=mm&r=g","caption":"PlazaPanelCubes"},"sameAs":["http:\/\/staging.plazacubes.com"],"url":"https:\/\/plazacubes.eu\/de\/blog\/author\/plazapanelcubes\/"}]}},"uagb_featured_image_src":{"full":["https:\/\/plazacubes.eu\/de\/wp-content\/uploads\/sites\/6\/2024\/03\/2020-10-01-Plaza-Cubes-Interior-die-zweite_JPG_20201001_PlazaCubesDUS_119-scaled-1.jpg",2560,1707,false],"thumbnail":["https:\/\/plazacubes.eu\/de\/wp-content\/uploads\/sites\/6\/2024\/03\/2020-10-01-Plaza-Cubes-Interior-die-zweite_JPG_20201001_PlazaCubesDUS_119-scaled-1-150x150.jpg",150,150,true],"medium":["https:\/\/plazacubes.eu\/de\/wp-content\/uploads\/sites\/6\/2024\/03\/2020-10-01-Plaza-Cubes-Interior-die-zweite_JPG_20201001_PlazaCubesDUS_119-scaled-1-300x200.jpg",300,200,true],"medium_large":["https:\/\/plazacubes.eu\/de\/wp-content\/uploads\/sites\/6\/2024\/03\/2020-10-01-Plaza-Cubes-Interior-die-zweite_JPG_20201001_PlazaCubesDUS_119-scaled-1-768x512.jpg",768,512,true],"large":["https:\/\/plazacubes.eu\/de\/wp-content\/uploads\/sites\/6\/2024\/03\/2020-10-01-Plaza-Cubes-Interior-die-zweite_JPG_20201001_PlazaCubesDUS_119-scaled-1-1024x683.jpg",1024,683,true],"1536x1536":["https:\/\/plazacubes.eu\/de\/wp-content\/uploads\/sites\/6\/2024\/03\/2020-10-01-Plaza-Cubes-Interior-die-zweite_JPG_20201001_PlazaCubesDUS_119-scaled-1-1536x1024.jpg",1536,1024,true],"2048x2048":["https:\/\/plazacubes.eu\/de\/wp-content\/uploads\/sites\/6\/2024\/03\/2020-10-01-Plaza-Cubes-Interior-die-zweite_JPG_20201001_PlazaCubesDUS_119-scaled-1-2048x1366.jpg",2048,1366,true]},"uagb_author_info":{"display_name":"PlazaPanelCubes","author_link":"https:\/\/plazacubes.eu\/de\/blog\/author\/plazapanelcubes\/"},"uagb_comment_info":5,"uagb_excerpt":"Wir lieben die Vernetzung. Flexible B\u00fcros zu mieten ist kein neues Konzept. Die Kultur des Coworking hingegen schon. Wir leben [&hellip;]","_links":{"self":[{"href":"https:\/\/plazacubes.eu\/de\/wp-json\/wp\/v2\/posts\/36787","targetHints":{"allow":["GET"]}}],"collection":[{"href":"https:\/\/plazacubes.eu\/de\/wp-json\/wp\/v2\/posts"}],"about":[{"href":"https:\/\/plazacubes.eu\/de\/wp-json\/wp\/v2\/types\/post"}],"author":[{"embeddable":true,"href":"https:\/\/plazacubes.eu\/de\/wp-json\/wp\/v2\/users\/1"}],"replies":[{"embeddable":true,"href":"https:\/\/plazacubes.eu\/de\/wp-json\/wp\/v2\/comments?post=36787"}],"version-history":[{"count":0,"href":"https:\/\/plazacubes.eu\/de\/wp-json\/wp\/v2\/posts\/36787\/revisions"}],"wp:featuredmedia":[{"embeddable":true,"href":"https:\/\/plazacubes.eu\/de\/wp-json\/wp\/v2\/media\/36182"}],"wp:attachment":[{"href":"https:\/\/plazacubes.eu\/de\/wp-json\/wp\/v2\/media?parent=36787"}],"wp:term":[{"taxonomy":"category","embeddable":true,"href":"https:\/\/plazacubes.eu\/de\/wp-json\/wp\/v2\/categories?post=36787"},{"taxonomy":"post_tag","embeddable":true,"href":"https:\/\/plazacubes.eu\/de\/wp-json\/wp\/v2\/tags?post=36787"}],"curies":[{"name":"wp","href":"https:\/\/api.w.org\/{rel}","templated":true}]}}